{"id":2208,"date":"2024-01-25T19:11:18","date_gmt":"2024-01-25T17:11:18","guid":{"rendered":"http:\/\/bib.scp.ac.at\/?p=2208"},"modified":"2024-01-25T19:11:18","modified_gmt":"2024-01-25T17:11:18","slug":"verleger-christian-brandstaetter-gestorben-wien-orf-at","status":"publish","type":"post","link":"https:\/\/bib.scp.ac.at\/?p=2208","title":{"rendered":"Verleger Christian Brandst\u00e4tter gestorben &#8211; wien.ORF.at"},"content":{"rendered":"<blockquote><p>Der Wiener Verleger Christian Brandst\u00e4tter ist in der Nacht auf Donnerstag nach kurzer Krankheit \u00fcberraschend verstorben. Das gab der Brandst\u00e4tter Verlag am Donnerstag bekannt. Brandst\u00e4tter, der den Verlag im Jahr 1982 gegr\u00fcndet hatte, wurde 80 Jahre alt.<\/p><\/blockquote>\n<p>Quelle: <em><a href=\"https:\/\/wien.orf.at\/stories\/3242166\/\">Verleger Christian Brandst\u00e4tter gestorben &#8211; wien.ORF.at<\/a><\/em><\/p>\n","protected":false},"excerpt":{"rendered":"<p>Der Wiener Verleger Christian Brandst\u00e4tter ist in der Nacht auf Donnerstag nach kurzer Krankheit \u00fcberraschend verstorben. Das gab der Brandst\u00e4tter Verlag am Donnerstag bekannt. Brandst\u00e4tter, der den Verlag im Jahr 1982 gegr\u00fcndet hatte, wurde 80 Jahre alt. Quelle: Verleger Christian<\/p>\n","protected":false},"author":1,"featured_media":0,"comment_status":"closed","ping_status":"closed","sticky":false,"template":"","format":"standard","meta":{"footnotes":""},"categories":[6],"tags":[],"class_list":["post-2208","post","type-post","status-publish","format-standard","hentry","category-schaukasten"],"publishpress_future_action":{"enabled":false,"date":"2026-05-07 20:19:15","action":"Draft","newStatus":"draft","terms":[],"taxonomy":"category","extraData":[]},"publishpress_future_workflow_manual_trigger":{"enabledWorkflows":[]},"_links":{"self":[{"href":"https:\/\/bib.scp.ac.at\/index.php?rest_route=\/wp\/v2\/posts\/2208","targetHints":{"allow":["GET"]}}],"collection":[{"href":"https:\/\/bib.scp.ac.at\/index.php?rest_route=\/wp\/v2\/posts"}],"about":[{"href":"https:\/\/bib.scp.ac.at\/index.php?rest_route=\/wp\/v2\/types\/post"}],"author":[{"embeddable":true,"href":"https:\/\/bib.scp.ac.at\/index.php?rest_route=\/wp\/v2\/users\/1"}],"replies":[{"embeddable":true,"href":"https:\/\/bib.scp.ac.at\/index.php?rest_route=%2Fwp%2Fv2%2Fcomments&post=2208"}],"version-history":[{"count":1,"href":"https:\/\/bib.scp.ac.at\/index.php?rest_route=\/wp\/v2\/posts\/2208\/revisions"}],"predecessor-version":[{"id":2209,"href":"https:\/\/bib.scp.ac.at\/index.php?rest_route=\/wp\/v2\/posts\/2208\/revisions\/2209"}],"wp:attachment":[{"href":"https:\/\/bib.scp.ac.at\/index.php?rest_route=%2Fwp%2Fv2%2Fmedia&parent=2208"}],"wp:term":[{"taxonomy":"category","embeddable":true,"href":"https:\/\/bib.scp.ac.at\/index.php?rest_route=%2Fwp%2Fv2%2Fcategories&post=2208"},{"taxonomy":"post_tag","embeddable":true,"href":"https:\/\/bib.scp.ac.at\/index.php?rest_route=%2Fwp%2Fv2%2Ftags&post=2208"}],"curies":[{"name":"wp","href":"https:\/\/api.w.org\/{rel}","templated":true}]}}